{"id":869,"date":"2020-11-16T16:15:33","date_gmt":"2020-11-16T15:15:33","guid":{"rendered":"https:\/\/cafh.es\/?p=869"},"modified":"2021-02-03T16:17:38","modified_gmt":"2021-02-03T15:17:38","slug":"aprendiendo-de-la-pandemia","status":"publish","type":"post","link":"https:\/\/cafh.es\/index.php\/2020\/11\/16\/aprendiendo-de-la-pandemia\/","title":{"rendered":"Aprendiendo de la pandemia"},"content":{"rendered":"<p class=\"fonts-plugin-block \"> La Directora de Cafh nos interpela acerca de la pandemia y c\u00f3mo nos impacta a nivel individual y colectivo:<br>C\u00f3mo nos afecta la pandemia a nivel global y qu\u00e9 podemos aprender espiritualmente a partir de esta experiencia tan in\u00e9dita en la humanidad? La pandemia nos ha colocado en una forma inapelable, frente a nuestra condici\u00f3n humana; frente a la incertidumbre; frente la presencia de la muerte; y tambi\u00e9n frente a nuestra interdependencia como seres humanos, que podr\u00eda decir nuestra interdependencia esencial. Y esta condici\u00f3n no sucede ahora porque estamos en una pandemia, siempre es as\u00ed. Es decir, la pandemia tal vez lo que ha hecho es poner delante de nuestra conciencia, de manera inapelable, esta condici\u00f3n de que estamos siempre frente al insondable desconocido. <\/p>\n\n\n<div style=\"height:21px\" aria-hidden=\"true\" class=\"wp-block-spacer\"><\/div>\n\n\n\n<figure class=\"wp-block-embed-youtube wp-block-embed is-type-video is-provider-youtube wp-embed-aspect-16-9 wp-has-aspect-ratio\"><div class=\"wp-block-embed__wrapper\">\n<iframe loading=\"lazy\" title=\"Cafh - Aprendiendo de la pandemia\" width=\"960\" height=\"540\" src=\"https:\/\/www.youtube.com\/embed\/VP_R6kA2LFQ?feature=oembed\" frameborder=\"0\" allow=\"accelerometer; autoplay; clipboard-write; encrypted-media; gyroscope; picture-in-picture\" allowfullscreen><\/iframe>\n<\/div><\/figure>\n","protected":false},"excerpt":{"rendered":"<p> La Directora de Cafh nos interpela acerca de la pandemia y c\u00f3mo nos impacta a nivel individual y colectivo.<\/p>\n","protected":false},"author":1,"featured_media":873,"comment_status":"open","ping_status":"open","sticky":false,"template":"","format":"standard","meta":{"footnotes":""},"categories":[1],"tags":[],"class_list":["post-869","post","type-post","status-publish","format-standard","has-post-thumbnail","hentry","category-sin-categoria"],"rttpg_featured_image_url":{"full":["https:\/\/cafh.es\/wp-content\/uploads\/2020\/11\/Aprendiendo-de-la-pandemia.jpg",1209,650,false],"landscape":["https:\/\/cafh.es\/wp-content\/uploads\/2020\/11\/Aprendiendo-de-la-pandemia.jpg",1209,650,false],"portraits":["https:\/\/cafh.es\/wp-content\/uploads\/2020\/11\/Aprendiendo-de-la-pandemia.jpg",1209,650,false],"thumbnail":["https:\/\/cafh.es\/wp-content\/uploads\/2020\/11\/Aprendiendo-de-la-pandemia-150x150.jpg",150,150,true],"medium":["https:\/\/cafh.es\/wp-content\/uploads\/2020\/11\/Aprendiendo-de-la-pandemia-300x161.jpg",300,161,true],"large":["https:\/\/cafh.es\/wp-content\/uploads\/2020\/11\/Aprendiendo-de-la-pandemia-1024x551.jpg",960,517,true],"1536x1536":["https:\/\/cafh.es\/wp-content\/uploads\/2020\/11\/Aprendiendo-de-la-pandemia.jpg",1209,650,false],"2048x2048":["https:\/\/cafh.es\/wp-content\/uploads\/2020\/11\/Aprendiendo-de-la-pandemia.jpg",1209,650,false],"ashe-slider-full-thumbnail":["https:\/\/cafh.es\/wp-content\/uploads\/2020\/11\/Aprendiendo-de-la-pandemia-1080x540.jpg",1080,540,true],"ashe-full-thumbnail":["https:\/\/cafh.es\/wp-content\/uploads\/2020\/11\/Aprendiendo-de-la-pandemia-1140x613.jpg",1140,613,true],"ashe-list-thumbnail":["https:\/\/cafh.es\/wp-content\/uploads\/2020\/11\/Aprendiendo-de-la-pandemia-300x300.jpg",300,300,true],"ashe-grid-thumbnail":["https:\/\/cafh.es\/wp-content\/uploads\/2020\/11\/Aprendiendo-de-la-pandemia-500x330.jpg",500,330,true],"ashe-single-navigation":["https:\/\/cafh.es\/wp-content\/uploads\/2020\/11\/Aprendiendo-de-la-pandemia-75x75.jpg",75,75,true]},"rttpg_author":{"display_name":"Cafh Espa\u00f1a","author_link":"https:\/\/cafh.es\/index.php\/author\/admin4521\/"},"rttpg_comment":0,"rttpg_category":"<a href=\"https:\/\/cafh.es\/index.php\/category\/sin-categoria\/\" rel=\"category tag\">Todas<\/a>","rttpg_excerpt":"La Directora de Cafh nos interpela acerca de la pandemia y c\u00f3mo nos impacta a nivel individual y colectivo.","_links":{"self":[{"href":"https:\/\/cafh.es\/index.php\/wp-json\/wp\/v2\/posts\/869","targetHints":{"allow":["GET"]}}],"collection":[{"href":"https:\/\/cafh.es\/index.php\/wp-json\/wp\/v2\/posts"}],"about":[{"href":"https:\/\/cafh.es\/index.php\/wp-json\/wp\/v2\/types\/post"}],"author":[{"embeddable":true,"href":"https:\/\/cafh.es\/index.php\/wp-json\/wp\/v2\/users\/1"}],"replies":[{"embeddable":true,"href":"https:\/\/cafh.es\/index.php\/wp-json\/wp\/v2\/comments?post=869"}],"version-history":[{"count":5,"href":"https:\/\/cafh.es\/index.php\/wp-json\/wp\/v2\/posts\/869\/revisions"}],"predecessor-version":[{"id":891,"href":"https:\/\/cafh.es\/index.php\/wp-json\/wp\/v2\/posts\/869\/revisions\/891"}],"wp:featuredmedia":[{"embeddable":true,"href":"https:\/\/cafh.es\/index.php\/wp-json\/wp\/v2\/media\/873"}],"wp:attachment":[{"href":"https:\/\/cafh.es\/index.php\/wp-json\/wp\/v2\/media?parent=869"}],"wp:term":[{"taxonomy":"category","embeddable":true,"href":"https:\/\/cafh.es\/index.php\/wp-json\/wp\/v2\/categories?post=869"},{"taxonomy":"post_tag","embeddable":true,"href":"https:\/\/cafh.es\/index.php\/wp-json\/wp\/v2\/tags?post=869"}],"curies":[{"name":"wp","href":"https:\/\/api.w.org\/{rel}","templated":true}]}}