{"id":1078,"date":"2025-03-20T09:22:19","date_gmt":"2025-03-20T08:22:19","guid":{"rendered":"https:\/\/cafh.es\/?p=1078"},"modified":"2025-03-20T09:26:12","modified_gmt":"2025-03-20T08:26:12","slug":"nueva-actividad-presencial-en-madrid","status":"publish","type":"post","link":"https:\/\/cafh.es\/index.php\/2025\/03\/20\/nueva-actividad-presencial-en-madrid\/","title":{"rendered":"Nueva actividad presencial en Madrid"},"content":{"rendered":"\n<p>An\u00edmate a participar en esta actividad en la que integramos el trabajo manual y el di\u00e1logo en un espacio de calma, introspecci\u00f3n y autoconocimiento.<\/p>\n","protected":false},"excerpt":{"rendered":"<p>An\u00edmate a participar en esta actividad en la que integramos el trabajo manual y el di\u00e1logo en un espacio de calma, introspecci\u00f3n y autoconocimiento.<\/p>\n","protected":false},"author":2,"featured_media":1079,"comment_status":"open","ping_status":"open","sticky":false,"template":"","format":"standard","meta":{"footnotes":""},"categories":[1],"tags":[],"class_list":["post-1078","post","type-post","status-publish","format-standard","has-post-thumbnail","hentry","category-sin-categoria"],"rttpg_featured_image_url":{"full":["https:\/\/cafh.es\/wp-content\/uploads\/2025\/03\/2025-Cafh-AE-Taller-tejido-al-crochet.jpeg",900,1600,false],"landscape":["https:\/\/cafh.es\/wp-content\/uploads\/2025\/03\/2025-Cafh-AE-Taller-tejido-al-crochet.jpeg",900,1600,false],"portraits":["https:\/\/cafh.es\/wp-content\/uploads\/2025\/03\/2025-Cafh-AE-Taller-tejido-al-crochet.jpeg",900,1600,false],"thumbnail":["https:\/\/cafh.es\/wp-content\/uploads\/2025\/03\/2025-Cafh-AE-Taller-tejido-al-crochet-150x150.jpeg",150,150,true],"medium":["https:\/\/cafh.es\/wp-content\/uploads\/2025\/03\/2025-Cafh-AE-Taller-tejido-al-crochet-169x300.jpeg",169,300,true],"large":["https:\/\/cafh.es\/wp-content\/uploads\/2025\/03\/2025-Cafh-AE-Taller-tejido-al-crochet-576x1024.jpeg",576,1024,true],"1536x1536":["https:\/\/cafh.es\/wp-content\/uploads\/2025\/03\/2025-Cafh-AE-Taller-tejido-al-crochet-864x1536.jpeg",864,1536,true],"2048x2048":["https:\/\/cafh.es\/wp-content\/uploads\/2025\/03\/2025-Cafh-AE-Taller-tejido-al-crochet.jpeg",900,1600,false],"ashe-slider-full-thumbnail":["https:\/\/cafh.es\/wp-content\/uploads\/2025\/03\/2025-Cafh-AE-Taller-tejido-al-crochet-900x540.jpeg",900,540,true],"ashe-full-thumbnail":["https:\/\/cafh.es\/wp-content\/uploads\/2025\/03\/2025-Cafh-AE-Taller-tejido-al-crochet.jpeg",900,1600,false],"ashe-list-thumbnail":["https:\/\/cafh.es\/wp-content\/uploads\/2025\/03\/2025-Cafh-AE-Taller-tejido-al-crochet-300x300.jpeg",300,300,true],"ashe-grid-thumbnail":["https:\/\/cafh.es\/wp-content\/uploads\/2025\/03\/2025-Cafh-AE-Taller-tejido-al-crochet-500x330.jpeg",500,330,true],"ashe-single-navigation":["https:\/\/cafh.es\/wp-content\/uploads\/2025\/03\/2025-Cafh-AE-Taller-tejido-al-crochet-75x75.jpeg",75,75,true]},"rttpg_author":{"display_name":"Javier Sancio","author_link":"https:\/\/cafh.es\/index.php\/author\/javier-sancio\/"},"rttpg_comment":1,"rttpg_category":"<a href=\"https:\/\/cafh.es\/index.php\/category\/sin-categoria\/\" rel=\"category tag\">Todas<\/a>","rttpg_excerpt":"An\u00edmate a participar en esta actividad en la que integramos el trabajo manual y el di\u00e1logo en un espacio de calma, introspecci\u00f3n y autoconocimiento.","_links":{"self":[{"href":"https:\/\/cafh.es\/index.php\/wp-json\/wp\/v2\/posts\/1078","targetHints":{"allow":["GET"]}}],"collection":[{"href":"https:\/\/cafh.es\/index.php\/wp-json\/wp\/v2\/posts"}],"about":[{"href":"https:\/\/cafh.es\/index.php\/wp-json\/wp\/v2\/types\/post"}],"author":[{"embeddable":true,"href":"https:\/\/cafh.es\/index.php\/wp-json\/wp\/v2\/users\/2"}],"replies":[{"embeddable":true,"href":"https:\/\/cafh.es\/index.php\/wp-json\/wp\/v2\/comments?post=1078"}],"version-history":[{"count":2,"href":"https:\/\/cafh.es\/index.php\/wp-json\/wp\/v2\/posts\/1078\/revisions"}],"predecessor-version":[{"id":1082,"href":"https:\/\/cafh.es\/index.php\/wp-json\/wp\/v2\/posts\/1078\/revisions\/1082"}],"wp:featuredmedia":[{"embeddable":true,"href":"https:\/\/cafh.es\/index.php\/wp-json\/wp\/v2\/media\/1079"}],"wp:attachment":[{"href":"https:\/\/cafh.es\/index.php\/wp-json\/wp\/v2\/media?parent=1078"}],"wp:term":[{"taxonomy":"category","embeddable":true,"href":"https:\/\/cafh.es\/index.php\/wp-json\/wp\/v2\/categories?post=1078"},{"taxonomy":"post_tag","embeddable":true,"href":"https:\/\/cafh.es\/index.php\/wp-json\/wp\/v2\/tags?post=1078"}],"curies":[{"name":"wp","href":"https:\/\/api.w.org\/{rel}","templated":true}]}}